{"id":186,"date":"2020-09-30T18:18:13","date_gmt":"2020-09-30T18:18:13","guid":{"rendered":"http:\/\/medilab.mainpage.hu\/?p=186"},"modified":"2026-03-31T09:41:31","modified_gmt":"2026-03-31T09:41:31","slug":"pathfast","status":"publish","type":"post","link":"https:\/\/medilab.mainpage.hu\/en\/pathfast\/","title":{"rendered":"Pathfast"},"content":{"rendered":"<p>&#8222;Critical Care&#8221; immunoanaliz\u00e1tor laborat\u00f3riumi- \u00e9s \u00e1gy melletti s\u00fcrg\u0151ss\u00e9gi vizsg\u00e1latok sz\u00e1m\u00e1ra<\/p>\n\n\n\n<div class=\"wp-block-media-text alignwide is-stacked-on-mobile is-vertically-aligned-top\" style=\"grid-template-columns:35% auto\"><figure class=\"wp-block-media-text__media\"><img decoding=\"async\" loading=\"lazy\" width=\"256\" height=\"256\" src=\"http:\/\/medilab.mainpage.hu\/wp-content\/uploads\/2020\/09\/mitsubishi_pathfast_01.jpg\" alt=\"\" class=\"wp-image-100 size-full\" srcset=\"https:\/\/medilab.mainpage.hu\/wp-content\/uploads\/2020\/09\/mitsubishi_pathfast_01.jpg 256w, https:\/\/medilab.mainpage.hu\/wp-content\/uploads\/2020\/09\/mitsubishi_pathfast_01-150x150.jpg 150w\" sizes=\"(max-width: 256px) 100vw, 256px\" \/><\/figure><div class=\"wp-block-media-text__content\">\n<ul>\n<li><strong>Troponin I sensitive, CK-MB mass, Myoglobin, D-Dimer, pro-BNP, hs-CRP, B\u00b7R\u00b7A\u00b7H\u00b7M\u00b7S PCT (Procalcitonin) , Presepsin, TB (Tuberculosis) LAM Ag<\/strong><\/li>\n\n\n\n<li>Kvantitat\u00edv eredm\u00e9ny&nbsp;<strong>15<\/strong>&nbsp;<strong>perc alatt&nbsp;! M\u00e9r\u00e9s teljes v\u00e9rb\u0151l is!<\/strong><\/li>\n\n\n\n<li>M\u00e9r\u00e9si jellemz\u0151k:\n<ul>\n<li>T\u00f6bb betegminta egyidej\u0171 m\u00e9r\u00e9se teljes v\u00e9rb\u0151l, sz\u00e9rumb\u00f3l vagy plazm\u00e1b\u00f3l (automatikus felismer\u00e9s)<\/li>\n\n\n\n<li>Kvantitat\u00edv eredm\u00e9ny<\/li>\n<\/ul>\n<\/li>\n<\/ul>\n\n\n\n<p><strong>M\u00e9r\u00e9si m\u00f3dszer:<\/strong><\/p>\n\n\n\n<ul>\n<li>Kemilumineszcens technol\u00f3gia<\/li>\n\n\n\n<li>Felt\u0171n\u0151en alacsony CV %<\/li>\n\n\n\n<li>Kit\u0171n\u0151 korrel\u00e1ci\u00f3 rutin laboreredm\u00e9nyekkel<\/li>\n<\/ul>\n<\/div><\/div>\n\n\n\n<div class=\"wp-block-media-text alignwide is-stacked-on-mobile is-vertically-aligned-top\" style=\"grid-template-columns:35% auto\"><figure class=\"wp-block-media-text__media\"><img decoding=\"async\" loading=\"lazy\" width=\"256\" height=\"187\" src=\"http:\/\/medilab.mainpage.hu\/wp-content\/uploads\/2020\/09\/mitsubishi_pathfast_02.jpg\" alt=\"\" class=\"wp-image-101 size-full\"\/><\/figure><div class=\"wp-block-media-text__content\">\n<p><strong>T\u00f6bbcsatorn\u00e1s m\u00e9r\u00e9s:<\/strong><\/p>\n\n\n\n<ul>\n<li>6 f\u00fcggetlen csatorn\u00e1n p\u00e1rhuzamosan t\u00f6rt\u00e9n\u0151 meghat\u00e1roz\u00e1s automatikus minta- \u00e9s teszt felismer\u00e9ssel<\/li>\n\n\n\n<li>sebess\u00e9g: 18 minta\/\u00f3ra<\/li>\n<\/ul>\n\n\n\n<p><strong>Reagensek:<\/strong><\/p>\n\n\n\n<ul>\n<li>Haszn\u00e1latra k\u00e9szek<\/li>\n\n\n\n<li>Minden reagens a tesztkazett\u00e1n bel\u00fcl tal\u00e1lhat\u00f3<\/li>\n\n\n\n<li>Gy\u00e1rilag be\u00e1ll\u00edtott kalibr\u00e1ci\u00f3s param\u00e9terek<\/li>\n<\/ul>\n<\/div><\/div>\n\n\n\n<div class=\"wp-block-media-text alignwide is-stacked-on-mobile is-vertically-aligned-top\" style=\"grid-template-columns:35% auto\"><figure class=\"wp-block-media-text__media\"><img decoding=\"async\" loading=\"lazy\" width=\"256\" height=\"187\" src=\"http:\/\/medilab.mainpage.hu\/wp-content\/uploads\/2020\/09\/mitsubishi_pathfast_03.jpg\" alt=\"\" class=\"wp-image-102 size-full\"\/><\/figure><div class=\"wp-block-media-text__content\">\n<p><strong>Minta:<\/strong><\/p>\n\n\n\n<ul>\n<li>Teljes v\u00e9r, sz\u00e9rum vagy plazma (a minta t\u00edpus\u00e1nak automatikus felismer\u00e9se)<\/li>\n\n\n\n<li>B\u00e1rk\u00f3dos betegazonos\u00edt\u00f3 hozz\u00e1rendel\u00e9s<\/li>\n<\/ul>\n\n\n\n<p><strong>Egyszer\u0171 haszn\u00e1lat:<\/strong><\/p>\n\n\n\n<ul>\n<li>Csak a minta bepippett\u00e1z\u00e1sa sz\u00fcks\u00e9ges<\/li>\n\n\n\n<li>K\u00fcl\u00f6nleges k\u00e9pz\u00e9st nem ig\u00e9nyel<\/li>\n\n\n\n<li>Tov\u00e1bbi reagenst nem ig\u00e9nyel<\/li>\n<\/ul>\n<\/div><\/div>\n\n\n\n<p><strong>M\u00e9rhet\u0151 param\u00e9terek:<\/strong><\/p>\n\n\n\n<ul>\n<li>Rendelkez\u00e9sre \u00e1ll\u00f3 param\u00e9terek: Troponin I sensitive, Myoglobin, CK-MB mass, D-Dimer, pro-BNP, hs-CRP, \u00df-HCG, Presepsin<\/li>\n<\/ul>\n\n\n\n<p><strong>Specifik\u00e1ci\u00f3:<\/strong><\/p>\n\n\n\n<ul>\n<li>\u00c9rint\u0151k\u00e9perny\u0151s men\u00fc, be\u00e9p\u00edtett PC \u00e9s nyomtat\u00f3<\/li>\n\n\n\n<li>LIMS-kapcsolat az ASTM standarddal<\/li>\n\n\n\n<li>M\u00e9ret: 35x57x50cm<\/li>\n\n\n\n<li>S\u00faly: 30 kg<\/li>\n\n\n\n<li>Fesz\u00fclts\u00e9g: 100-240V (AC)<\/li>\n\n\n\n<li>\u00dczemi h\u0151m\u00e9rs\u00e9klet: 15-30\u00b0C<\/li>\n\n\n\n<li>P\u00e1ratartalom: 30-80%<\/li>\n<\/ul>\n\n\n\n<p>\u00daj&nbsp;<em>szepszis<\/em>&nbsp;marker!<\/p>\n\n\n\n<p>A&nbsp;<strong>Presepsin<\/strong>&nbsp;egy leg\u00fajabb fejleszt\u00e9s eredm\u00e9nye, amely a szepszis specifikusabb \u00e9s gyorsabb felismer\u00e9se c\u00e9lj\u00e1b\u00f3l ker\u00fclt kifejleszt\u00e9sre. A Presepsin koncentr\u00e1ci\u00f3 meghat\u00e1roz\u00e1sa hasznos lehet nemcsak diagn\u00f3zis \u00e9s a szepszis el\u0151jelz\u00e9s\u00e9ben, hanem a betegs\u00e9g lefoly\u00e1s\u00e1nak k\u00f6vet\u00e9s\u00e9ben, \u00e9s a beavatkoz\u00e1sra kapott ter\u00e1pi\u00e1s v\u00e1lasz k\u00f6vet\u00e9s\u00e9ben is.<\/p>\n\n\n\n<p><strong>A Presepsin jellemz\u0151i<\/strong>:<\/p>\n\n\n\n<ul>\n<li>Lehet\u0151v\u00e9 teszi a SIRS \u00e9s a szepszis \u00e9les elk\u00fcl\u00f6n\u00edt\u00e9s\u00e9t<\/li>\n\n\n\n<li>Magas prognosztikai \u00e9rt\u00e9kkel rendelkez\u0151 marker, seg\u00edts\u00e9get ny\u00fajt a kock\u00e1zati besorol\u00e1shoz<\/li>\n\n\n\n<li>A kapott \u00e9rt\u00e9k \u00e9s a t\u00fal\u00e9l\u00e9si es\u00e9ly k\u00f6z\u00f6tt szoros \u00f6sszef\u00fcgg\u00e9s van<\/li>\n\n\n\n<li>Rendk\u00edv\u00fcl gyors kvantitat\u00edv eredm\u00e9ny<\/li>\n\n\n\n<li>Id\u0151ben t\u00f6rt\u00e9n\u0151 monitoroz\u00e1si eszk\u00f6z a betegs\u00e9g s\u00falyoss\u00e1g\u00e1nak meg\u00e1llap\u00edt\u00e1s\u00e1hoz<\/li>\n<\/ul>\n\n\n\n<p><strong>A gy\u00e1rt\u00f3 \u00e1ltal javasolt el\u0151zetes cut off \u00e9rt\u00e9kek a k\u00f3rh\u00e1zi felv\u00e9telkor<\/strong><\/p>\n\n\n\n<ul>\n<li><em>&lt; 300 pg\/mL<\/em>\n<ul>\n<li>A szepszis kiz\u00e1r\u00e1sa<\/li>\n<\/ul>\n<\/li>\n\n\n\n<li><em>&gt; 300 pg\/mL<\/em>\n<ul>\n<li>A sziszt\u00e9m\u00e1s bakteri\u00e1lis fert\u0151z\u00e9s (szepsis) lehet\u0151s\u00e9ge fenn\u00e1ll<\/li>\n<\/ul>\n<\/li>\n\n\n\n<li><em>&gt; 500 pg\/mL<\/em>\n<ul>\n<li>K\u00f6zepes kock\u00e1zat s\u00falyos \u00e1llapot\u00fa sziszt\u00e9m\u00e1s bakteri\u00e1lis fert\u0151z\u00e9s kialakul\u00e1s\u00e1ra (s\u00falyos szepsis)<\/li>\n<\/ul>\n<\/li>\n\n\n\n<li><em>&gt; 1000 pg\/mL<\/em>\n<ul>\n<li>Magas kock\u00e1zat sziszt\u00e9m\u00e1s s\u00falyos sziszt\u00e9m\u00e1s bakteri\u00e1lis fert\u0151z\u00e9s kialakul\u00e1s\u00e1ra (s\u00falyos szepszis, \u00e9s szeptikus sokk)<\/li>\n\n\n\n<li>Magas 30 napon bel\u00fcli elhal\u00e1loz\u00e1si es\u00e9ly (hasonl\u00f3an az APACHE II score rendszer szerint &gt; 25)<\/li>\n<\/ul>\n<\/li>\n<\/ul>\n\n\n\n<p><strong>S\u00fcrg\u0151ss\u00e9gi \u00e9s intenz\u00edv oszt\u00e1lyok sz\u00e1m\u00e1ra kife<\/strong><strong>jezetten aj\u00e1nlott!<\/strong><\/p>\n\n\n\n<p><strong><a href=\"http:\/\/medilab.mainpage.hu\/en\/publikaciok-2\/\" target=\"_blank\" rel=\"noreferrer noopener\">Tov\u00e1bbi hozz\u00e1f\u00e9r\u00e9s r\u00e9szletes&nbsp;ismertet\u0151kh\u00f6z a Szakmai anyagok\/Publik\u00e1ci\u00f3k alatt!<\/a><\/strong><\/p>\n\n\n\n<figure class=\"wp-block-image size-large is-resized\"><img decoding=\"async\" loading=\"lazy\" width=\"670\" height=\"144\" src=\"http:\/\/medilab.mainpage.hu\/wp-content\/uploads\/2020\/09\/pathfast_meresi_mod.jpg\" alt=\"\" class=\"wp-image-106\" style=\"width:670px;height:144px\" srcset=\"https:\/\/medilab.mainpage.hu\/wp-content\/uploads\/2020\/09\/pathfast_meresi_mod.jpg 670w, https:\/\/medilab.mainpage.hu\/wp-content\/uploads\/2020\/09\/pathfast_meresi_mod-300x64.jpg 300w\" sizes=\"(max-width: 670px) 100vw, 670px\" \/><\/figure>\n\n\n\n<figure class=\"wp-block-image size-large is-resized\"><img decoding=\"async\" loading=\"lazy\" width=\"400\" height=\"250\" src=\"http:\/\/medilab.mainpage.hu\/wp-content\/uploads\/2020\/09\/pathfast_reagens_kazetta.jpg\" alt=\"\" class=\"wp-image-107\" style=\"width:400px;height:250px\" srcset=\"https:\/\/medilab.mainpage.hu\/wp-content\/uploads\/2020\/09\/pathfast_reagens_kazetta.jpg 400w, https:\/\/medilab.mainpage.hu\/wp-content\/uploads\/2020\/09\/pathfast_reagens_kazetta-300x188.jpg 300w\" sizes=\"(max-width: 400px) 100vw, 400px\" \/><\/figure>","protected":false},"excerpt":{"rendered":"<p>&#8222;Critical Care&#8221; immunoanaliz\u00e1tor laborat\u00f3riumi- \u00e9s \u00e1gy melletti s\u00fcrg\u0151ss\u00e9gi vizsg\u00e1latok sz\u00e1m\u00e1ra M\u00e9rhet\u0151 param\u00e9terek: Specifik\u00e1ci\u00f3: \u00daj&nbsp;szepszis&nbsp;marker! A&nbsp;Presepsin&nbsp;egy leg\u00fajabb fejleszt\u00e9s eredm\u00e9nye, amely a szepszis specifikusabb \u00e9s gyorsabb felismer\u00e9se c\u00e9lj\u00e1b\u00f3l ker\u00fclt kifejleszt\u00e9sre. A Presepsin koncentr\u00e1ci\u00f3 meghat\u00e1roz\u00e1sa hasznos lehet nemcsak diagn\u00f3zis \u00e9s a szepszis el\u0151jelz\u00e9s\u00e9ben, hanem a betegs\u00e9g lefoly\u00e1s\u00e1nak k\u00f6vet\u00e9s\u00e9ben, \u00e9s a beavatkoz\u00e1sra kapott ter\u00e1pi\u00e1s v\u00e1lasz k\u00f6vet\u00e9s\u00e9ben is. A Presepsin jellemz\u0151i: A gy\u00e1rt\u00f3 \u00e1ltal javasolt el\u0151zetes cut off \u00e9rt\u00e9kek a k\u00f3rh\u00e1zi felv\u00e9telkor S\u00fcrg\u0151ss\u00e9gi \u00e9s intenz\u00edv oszt\u00e1lyok sz\u00e1m\u00e1ra kifejezetten aj\u00e1nlott! Tov\u00e1bbi hozz\u00e1f\u00e9r\u00e9s r\u00e9szletes&nbsp;ismertet\u0151kh\u00f6z a Szakmai anyagok\/Publik\u00e1ci\u00f3k alatt!<\/p>","protected":false},"author":3,"featured_media":0,"comment_status":"closed","ping_status":"open","sticky":false,"template":"","format":"standard","meta":{"footnotes":""},"categories":[5],"tags":[],"yoast_head":"<!-- This site is optimized with the Yoast SEO plugin v21.8 - https:\/\/yoast.com\/wordpress\/plugins\/seo\/ -->\n<title>Pathfast - Medi-lab Labordiagnosztika<\/title>\n<meta name=\"robots\" content=\"index, follow, max-snippet:-1, max-image-preview:large, max-video-preview:-1\" \/>\n<link rel=\"canonical\" href=\"https:\/\/medilab.mainpage.hu\/en\/pathfast\/\" \/>\n<meta property=\"og:locale\" content=\"en_US\" \/>\n<meta property=\"og:type\" content=\"article\" \/>\n<meta property=\"og:title\" content=\"Pathfast - Medi-lab Labordiagnosztika\" \/>\n<meta property=\"og:description\" content=\"&#8222;Critical Care&#8221; immunoanaliz\u00e1tor laborat\u00f3riumi- \u00e9s \u00e1gy melletti s\u00fcrg\u0151ss\u00e9gi vizsg\u00e1latok sz\u00e1m\u00e1ra M\u00e9rhet\u0151 param\u00e9terek: Specifik\u00e1ci\u00f3: \u00daj&nbsp;szepszis&nbsp;marker! A&nbsp;Presepsin&nbsp;egy leg\u00fajabb fejleszt\u00e9s eredm\u00e9nye, amely a szepszis specifikusabb \u00e9s gyorsabb felismer\u00e9se c\u00e9lj\u00e1b\u00f3l ker\u00fclt kifejleszt\u00e9sre. A Presepsin koncentr\u00e1ci\u00f3 meghat\u00e1roz\u00e1sa hasznos lehet nemcsak diagn\u00f3zis \u00e9s a szepszis el\u0151jelz\u00e9s\u00e9ben, hanem a betegs\u00e9g lefoly\u00e1s\u00e1nak k\u00f6vet\u00e9s\u00e9ben, \u00e9s a beavatkoz\u00e1sra kapott ter\u00e1pi\u00e1s v\u00e1lasz k\u00f6vet\u00e9s\u00e9ben is. A Presepsin jellemz\u0151i: A gy\u00e1rt\u00f3 \u00e1ltal javasolt el\u0151zetes cut off \u00e9rt\u00e9kek a k\u00f3rh\u00e1zi felv\u00e9telkor S\u00fcrg\u0151ss\u00e9gi \u00e9s intenz\u00edv oszt\u00e1lyok sz\u00e1m\u00e1ra kifejezetten aj\u00e1nlott! Tov\u00e1bbi hozz\u00e1f\u00e9r\u00e9s r\u00e9szletes&nbsp;ismertet\u0151kh\u00f6z a Szakmai anyagok\/Publik\u00e1ci\u00f3k alatt!\" \/>\n<meta property=\"og:url\" content=\"https:\/\/medilab.mainpage.hu\/en\/pathfast\/\" \/>\n<meta property=\"og:site_name\" content=\"Medi-lab Labordiagnosztika\" \/>\n<meta property=\"article:publisher\" content=\"https:\/\/www.facebook.com\/medilabhungary\" \/>\n<meta property=\"article:published_time\" content=\"2020-09-30T18:18:13+00:00\" \/>\n<meta property=\"article:modified_time\" content=\"2026-03-31T09:41:31+00:00\" \/>\n<meta property=\"og:image\" content=\"http:\/\/medilab.mainpage.hu\/wp-content\/uploads\/2020\/09\/mitsubishi_pathfast_01.jpg\" \/>\n<meta name=\"author\" content=\"Mariann\" \/>\n<meta name=\"twitter:card\" content=\"summary_large_image\" \/>\n<meta name=\"twitter:label1\" content=\"Written by\" \/>\n\t<meta name=\"twitter:data1\" content=\"Mariann\" \/>\n\t<meta name=\"twitter:label2\" content=\"Est. reading time\" \/>\n\t<meta name=\"twitter:data2\" content=\"3 minutes\" \/>\n<script type=\"application\/ld+json\" class=\"yoast-schema-graph\">{\"@context\":\"https:\/\/schema.org\",\"@graph\":[{\"@type\":\"Article\",\"@id\":\"https:\/\/medilab.mainpage.hu\/pathfast\/#article\",\"isPartOf\":{\"@id\":\"https:\/\/medilab.mainpage.hu\/pathfast\/\"},\"author\":{\"name\":\"Mariann\",\"@id\":\"https:\/\/medilab.mainpage.hu\/#\/schema\/person\/6607230e393bb35a541264bf530d2632\"},\"headline\":\"Pathfast\",\"datePublished\":\"2020-09-30T18:18:13+00:00\",\"dateModified\":\"2026-03-31T09:41:31+00:00\",\"mainEntityOfPage\":{\"@id\":\"https:\/\/medilab.mainpage.hu\/pathfast\/\"},\"wordCount\":581,\"publisher\":{\"@id\":\"https:\/\/medilab.mainpage.hu\/#organization\"},\"articleSection\":[\"LSI Medience Pathfast immunk\u00e9miai analiz\u00e1tor\"],\"inLanguage\":\"en-US\"},{\"@type\":\"WebPage\",\"@id\":\"https:\/\/medilab.mainpage.hu\/pathfast\/\",\"url\":\"https:\/\/medilab.mainpage.hu\/pathfast\/\",\"name\":\"Pathfast - Medi-lab Labordiagnosztika\",\"isPartOf\":{\"@id\":\"https:\/\/medilab.mainpage.hu\/#website\"},\"datePublished\":\"2020-09-30T18:18:13+00:00\",\"dateModified\":\"2026-03-31T09:41:31+00:00\",\"breadcrumb\":{\"@id\":\"https:\/\/medilab.mainpage.hu\/pathfast\/#breadcrumb\"},\"inLanguage\":\"en-US\",\"potentialAction\":[{\"@type\":\"ReadAction\",\"target\":[\"https:\/\/medilab.mainpage.hu\/pathfast\/\"]}]},{\"@type\":\"BreadcrumbList\",\"@id\":\"https:\/\/medilab.mainpage.hu\/pathfast\/#breadcrumb\",\"itemListElement\":[{\"@type\":\"ListItem\",\"position\":1,\"name\":\"Kezd\u0151lap\",\"item\":\"https:\/\/medilab.mainpage.hu\/\"},{\"@type\":\"ListItem\",\"position\":2,\"name\":\"Pathfast\"}]},{\"@type\":\"WebSite\",\"@id\":\"https:\/\/medilab.mainpage.hu\/#website\",\"url\":\"https:\/\/medilab.mainpage.hu\/\",\"name\":\"Medi-lab Labordiagnosztika\",\"description\":\"Medi-lab Labordiagnosztika\",\"publisher\":{\"@id\":\"https:\/\/medilab.mainpage.hu\/#organization\"},\"potentialAction\":[{\"@type\":\"SearchAction\",\"target\":{\"@type\":\"EntryPoint\",\"urlTemplate\":\"https:\/\/medilab.mainpage.hu\/?s={search_term_string}\"},\"query-input\":\"required name=search_term_string\"}],\"inLanguage\":\"en-US\"},{\"@type\":\"Organization\",\"@id\":\"https:\/\/medilab.mainpage.hu\/#organization\",\"name\":\"MEDI-LAB Eg\u00e9szs\u00e9g\u00fcgyi Kereskedelmi \u00e9s Szolg\u00e1ltat\u00f3 Kft.\",\"url\":\"https:\/\/medilab.mainpage.hu\/\",\"logo\":{\"@type\":\"ImageObject\",\"inLanguage\":\"en-US\",\"@id\":\"https:\/\/medilab.mainpage.hu\/#\/schema\/logo\/image\/\",\"url\":\"https:\/\/medilab.mainpage.hu\/wp-content\/uploads\/2020\/10\/logo_Logo-full-on-light-e1602319701988.png\",\"contentUrl\":\"https:\/\/medilab.mainpage.hu\/wp-content\/uploads\/2020\/10\/logo_Logo-full-on-light-e1602319701988.png\",\"width\":364,\"height\":197,\"caption\":\"MEDI-LAB Eg\u00e9szs\u00e9g\u00fcgyi Kereskedelmi \u00e9s Szolg\u00e1ltat\u00f3 Kft.\"},\"image\":{\"@id\":\"https:\/\/medilab.mainpage.hu\/#\/schema\/logo\/image\/\"},\"sameAs\":[\"https:\/\/www.facebook.com\/medilabhungary\",\"https:\/\/linkedin.com\/company\/medi-lab-ltd\/\"]},{\"@type\":\"Person\",\"@id\":\"https:\/\/medilab.mainpage.hu\/#\/schema\/person\/6607230e393bb35a541264bf530d2632\",\"name\":\"Mariann\",\"image\":{\"@type\":\"ImageObject\",\"inLanguage\":\"en-US\",\"@id\":\"https:\/\/medilab.mainpage.hu\/#\/schema\/person\/image\/\",\"url\":\"https:\/\/secure.gravatar.com\/avatar\/29510ebde83357473c09ca2d29a2afdb?s=96&d=mm&r=g\",\"contentUrl\":\"https:\/\/secure.gravatar.com\/avatar\/29510ebde83357473c09ca2d29a2afdb?s=96&d=mm&r=g\",\"caption\":\"Mariann\"},\"url\":\"https:\/\/medilab.mainpage.hu\/en\/author\/mariann\/\"}]}<\/script>\n<!-- \/ Yoast SEO plugin. -->","yoast_head_json":{"title":"Pathfast - Medi-lab Labordiagnosztika","robots":{"index":"index","follow":"follow","max-snippet":"max-snippet:-1","max-image-preview":"max-image-preview:large","max-video-preview":"max-video-preview:-1"},"canonical":"https:\/\/medilab.mainpage.hu\/en\/pathfast\/","og_locale":"en_US","og_type":"article","og_title":"Pathfast - Medi-lab Labordiagnosztika","og_description":"&#8222;Critical Care&#8221; immunoanaliz\u00e1tor laborat\u00f3riumi- \u00e9s \u00e1gy melletti s\u00fcrg\u0151ss\u00e9gi vizsg\u00e1latok sz\u00e1m\u00e1ra M\u00e9rhet\u0151 param\u00e9terek: Specifik\u00e1ci\u00f3: \u00daj&nbsp;szepszis&nbsp;marker! A&nbsp;Presepsin&nbsp;egy leg\u00fajabb fejleszt\u00e9s eredm\u00e9nye, amely a szepszis specifikusabb \u00e9s gyorsabb felismer\u00e9se c\u00e9lj\u00e1b\u00f3l ker\u00fclt kifejleszt\u00e9sre. A Presepsin koncentr\u00e1ci\u00f3 meghat\u00e1roz\u00e1sa hasznos lehet nemcsak diagn\u00f3zis \u00e9s a szepszis el\u0151jelz\u00e9s\u00e9ben, hanem a betegs\u00e9g lefoly\u00e1s\u00e1nak k\u00f6vet\u00e9s\u00e9ben, \u00e9s a beavatkoz\u00e1sra kapott ter\u00e1pi\u00e1s v\u00e1lasz k\u00f6vet\u00e9s\u00e9ben is. A Presepsin jellemz\u0151i: A gy\u00e1rt\u00f3 \u00e1ltal javasolt el\u0151zetes cut off \u00e9rt\u00e9kek a k\u00f3rh\u00e1zi felv\u00e9telkor S\u00fcrg\u0151ss\u00e9gi \u00e9s intenz\u00edv oszt\u00e1lyok sz\u00e1m\u00e1ra kifejezetten aj\u00e1nlott! Tov\u00e1bbi hozz\u00e1f\u00e9r\u00e9s r\u00e9szletes&nbsp;ismertet\u0151kh\u00f6z a Szakmai anyagok\/Publik\u00e1ci\u00f3k alatt!","og_url":"https:\/\/medilab.mainpage.hu\/en\/pathfast\/","og_site_name":"Medi-lab Labordiagnosztika","article_publisher":"https:\/\/www.facebook.com\/medilabhungary","article_published_time":"2020-09-30T18:18:13+00:00","article_modified_time":"2026-03-31T09:41:31+00:00","og_image":[{"url":"http:\/\/medilab.mainpage.hu\/wp-content\/uploads\/2020\/09\/mitsubishi_pathfast_01.jpg"}],"author":"Mariann","twitter_card":"summary_large_image","twitter_misc":{"Written by":"Mariann","Est. reading time":"3 minutes"},"schema":{"@context":"https:\/\/schema.org","@graph":[{"@type":"Article","@id":"https:\/\/medilab.mainpage.hu\/pathfast\/#article","isPartOf":{"@id":"https:\/\/medilab.mainpage.hu\/pathfast\/"},"author":{"name":"Mariann","@id":"https:\/\/medilab.mainpage.hu\/#\/schema\/person\/6607230e393bb35a541264bf530d2632"},"headline":"Pathfast","datePublished":"2020-09-30T18:18:13+00:00","dateModified":"2026-03-31T09:41:31+00:00","mainEntityOfPage":{"@id":"https:\/\/medilab.mainpage.hu\/pathfast\/"},"wordCount":581,"publisher":{"@id":"https:\/\/medilab.mainpage.hu\/#organization"},"articleSection":["LSI Medience Pathfast immunk\u00e9miai analiz\u00e1tor"],"inLanguage":"en-US"},{"@type":"WebPage","@id":"https:\/\/medilab.mainpage.hu\/pathfast\/","url":"https:\/\/medilab.mainpage.hu\/pathfast\/","name":"Pathfast - Medi-lab Labordiagnosztika","isPartOf":{"@id":"https:\/\/medilab.mainpage.hu\/#website"},"datePublished":"2020-09-30T18:18:13+00:00","dateModified":"2026-03-31T09:41:31+00:00","breadcrumb":{"@id":"https:\/\/medilab.mainpage.hu\/pathfast\/#breadcrumb"},"inLanguage":"en-US","potentialAction":[{"@type":"ReadAction","target":["https:\/\/medilab.mainpage.hu\/pathfast\/"]}]},{"@type":"BreadcrumbList","@id":"https:\/\/medilab.mainpage.hu\/pathfast\/#breadcrumb","itemListElement":[{"@type":"ListItem","position":1,"name":"Kezd\u0151lap","item":"https:\/\/medilab.mainpage.hu\/"},{"@type":"ListItem","position":2,"name":"Pathfast"}]},{"@type":"WebSite","@id":"https:\/\/medilab.mainpage.hu\/#website","url":"https:\/\/medilab.mainpage.hu\/","name":"Medi-lab Labordiagnosztika","description":"Medi-lab Labordiagnosztika","publisher":{"@id":"https:\/\/medilab.mainpage.hu\/#organization"},"potentialAction":[{"@type":"SearchAction","target":{"@type":"EntryPoint","urlTemplate":"https:\/\/medilab.mainpage.hu\/?s={search_term_string}"},"query-input":"required name=search_term_string"}],"inLanguage":"en-US"},{"@type":"Organization","@id":"https:\/\/medilab.mainpage.hu\/#organization","name":"MEDI-LAB Eg\u00e9szs\u00e9g\u00fcgyi Kereskedelmi \u00e9s Szolg\u00e1ltat\u00f3 Kft.","url":"https:\/\/medilab.mainpage.hu\/","logo":{"@type":"ImageObject","inLanguage":"en-US","@id":"https:\/\/medilab.mainpage.hu\/#\/schema\/logo\/image\/","url":"https:\/\/medilab.mainpage.hu\/wp-content\/uploads\/2020\/10\/logo_Logo-full-on-light-e1602319701988.png","contentUrl":"https:\/\/medilab.mainpage.hu\/wp-content\/uploads\/2020\/10\/logo_Logo-full-on-light-e1602319701988.png","width":364,"height":197,"caption":"MEDI-LAB Eg\u00e9szs\u00e9g\u00fcgyi Kereskedelmi \u00e9s Szolg\u00e1ltat\u00f3 Kft."},"image":{"@id":"https:\/\/medilab.mainpage.hu\/#\/schema\/logo\/image\/"},"sameAs":["https:\/\/www.facebook.com\/medilabhungary","https:\/\/linkedin.com\/company\/medi-lab-ltd\/"]},{"@type":"Person","@id":"https:\/\/medilab.mainpage.hu\/#\/schema\/person\/6607230e393bb35a541264bf530d2632","name":"Mariann","image":{"@type":"ImageObject","inLanguage":"en-US","@id":"https:\/\/medilab.mainpage.hu\/#\/schema\/person\/image\/","url":"https:\/\/secure.gravatar.com\/avatar\/29510ebde83357473c09ca2d29a2afdb?s=96&d=mm&r=g","contentUrl":"https:\/\/secure.gravatar.com\/avatar\/29510ebde83357473c09ca2d29a2afdb?s=96&d=mm&r=g","caption":"Mariann"},"url":"https:\/\/medilab.mainpage.hu\/en\/author\/mariann\/"}]}},"_links":{"self":[{"href":"https:\/\/medilab.mainpage.hu\/en\/wp-json\/wp\/v2\/posts\/186"}],"collection":[{"href":"https:\/\/medilab.mainpage.hu\/en\/wp-json\/wp\/v2\/posts"}],"about":[{"href":"https:\/\/medilab.mainpage.hu\/en\/wp-json\/wp\/v2\/types\/post"}],"author":[{"embeddable":true,"href":"https:\/\/medilab.mainpage.hu\/en\/wp-json\/wp\/v2\/users\/3"}],"replies":[{"embeddable":true,"href":"https:\/\/medilab.mainpage.hu\/en\/wp-json\/wp\/v2\/comments?post=186"}],"version-history":[{"count":0,"href":"https:\/\/medilab.mainpage.hu\/en\/wp-json\/wp\/v2\/posts\/186\/revisions"}],"wp:attachment":[{"href":"https:\/\/medilab.mainpage.hu\/en\/wp-json\/wp\/v2\/media?parent=186"}],"wp:term":[{"taxonomy":"category","embeddable":true,"href":"https:\/\/medilab.mainpage.hu\/en\/wp-json\/wp\/v2\/categories?post=186"},{"taxonomy":"post_tag","embeddable":true,"href":"https:\/\/medilab.mainpage.hu\/en\/wp-json\/wp\/v2\/tags?post=186"}],"curies":[{"name":"wp","href":"https:\/\/api.w.org\/{rel}","templated":true}]}}