{"id":218,"date":"2020-09-30T18:18:13","date_gmt":"2020-09-30T18:18:13","guid":{"rendered":"http:\/\/medilab.mainpage.hu\/?p=218"},"modified":"2026-03-31T09:41:27","modified_gmt":"2026-03-31T09:41:27","slug":"humalyzer-3000","status":"publish","type":"post","link":"https:\/\/medilab.mainpage.hu\/en\/humalyzer-3000\/","title":{"rendered":"HumaLyzer 3000"},"content":{"rendered":"<p><\/p>\n\n\n\n<div class=\"wp-block-media-text alignwide is-stacked-on-mobile is-vertically-aligned-center\" style=\"grid-template-columns:33% auto\"><figure class=\"wp-block-media-text__media\"><img decoding=\"async\" loading=\"lazy\" width=\"312\" height=\"256\" src=\"http:\/\/medilab.mainpage.hu\/wp-content\/uploads\/2020\/09\/Humalyzer3000_150dpi.png\" alt=\"\" class=\"wp-image-72\" srcset=\"https:\/\/medilab.mainpage.hu\/wp-content\/uploads\/2020\/09\/Humalyzer3000_150dpi.png 312w, https:\/\/medilab.mainpage.hu\/wp-content\/uploads\/2020\/09\/Humalyzer3000_150dpi-300x246.png 300w\" sizes=\"(max-width: 312px) 100vw, 312px\" \/><\/figure><div class=\"wp-block-media-text__content\">\n<p>F\u00e9lautomata, mikroprocesszor-vez\u00e9relt fotom\u00e9ter<br>Kat. sz.:&nbsp;<strong>16700<\/strong>&nbsp;Fesz\u00fclts\u00e9g: 230\/110 VAC<\/p>\n\n\n\n<p>Sz\u00e1mos leolvas\u00e1si m\u00f3dra alkalmas, 6 hull\u00e1mhosszon \u00fczemeltethet\u0151, nagyteljes\u00edtm\u00e9ny\u0171 klinikai-k\u00e9miai f\u00e9lautomata. Reakci\u00f3kinetikai vizsg\u00e1latokra alkalmas. Reakci\u00f3g\u00f6rbe megtekint\u00e9s\u00e9nek lehet\u0151s\u00e9ge. \u00c1tfoly\u00f3 \u00e9s fix k\u00fcvett\u00e1val egyar\u00e1nt muk\u00f6dtethet\u0151.<\/p>\n<\/div><\/div>\n\n\n\n<p><\/p>\n\n\n\n<ul><li>Nagy, grafikus LCD kijelz\u0151<\/li><li>Leletez\u00e9si lehet\u0151s\u00e9g p\u00e1ciensenk\u00e9nt\/mintak\u00e9nt<\/li><li>120 metodik\u00e1t, bele\u00e9rtve a kalibr\u00e1ci\u00f3s g\u00f6rb\u00e9ket is, t\u00e1rol\u00f3 mem\u00f3ria<\/li><li>M\u00e9r\u00e9si m\u00f3dok kinetikus, r\u00f6gz\u00edtett idej\u0171, v\u00e9gpontos \u00e9s abszorbancia m\u00e9r\u00e9sekhez<\/li><li>T\u00f6bb hull\u00e1mhossz (sz\u0171r\u0151 t\u00e1rcsa, hat behelyezett sz\u0171r\u0151vel)<\/li><li>El\u0151re programozott HUMAN metodik\u00e1k<\/li><\/ul>\n\n\n\n<div class=\"wp-block-columns has-pale-cyan-blue-background-color has-background is-layout-flex wp-container-3 wp-block-columns-is-layout-flex\">\n<div class=\"wp-block-column is-layout-flow wp-block-column-is-layout-flow\" style=\"flex-basis:66.66%\">\n<h3 style=\"margin-top:1em;\">Didn't find what you're looking for? We'll help!<\/h3>\n<\/div>\n\n\n\n<div class=\"wp-block-column is-layout-flow wp-block-column-is-layout-flow\" style=\"flex-basis:33.33%\">\n<a href=\"http:\/\/medilab.mainpage.hu\/en\/lepjen-velunk-kapcsolatba\/\"><button type=\"button\"  style=\"width:100%; max-width: 100%; margin-top:1.2em;\">Contact us<\/button><\/a>\n<\/div>\n<\/div>\n\n\n\n<p><\/p>","protected":false},"excerpt":{"rendered":"<p>F\u00e9lautomata, mikroprocesszor-vez\u00e9relt fotom\u00e9terKat. sz.:&nbsp;16700&nbsp;Fesz\u00fclts\u00e9g: 230\/110 VAC Sz\u00e1mos leolvas\u00e1si m\u00f3dra alkalmas, 6 hull\u00e1mhosszon \u00fczemeltethet\u0151, nagyteljes\u00edtm\u00e9ny\u0171 klinikai-k\u00e9miai f\u00e9lautomata. Reakci\u00f3kinetikai vizsg\u00e1latokra alkalmas. Reakci\u00f3g\u00f6rbe megtekint\u00e9s\u00e9nek lehet\u0151s\u00e9ge. \u00c1tfoly\u00f3 \u00e9s fix k\u00fcvett\u00e1val egyar\u00e1nt muk\u00f6dtethet\u0151. Nagy, grafikus LCD kijelz\u0151 Leletez\u00e9si lehet\u0151s\u00e9g p\u00e1ciensenk\u00e9nt\/mintak\u00e9nt 120 metodik\u00e1t, bele\u00e9rtve a kalibr\u00e1ci\u00f3s g\u00f6rb\u00e9ket is, t\u00e1rol\u00f3 mem\u00f3ria M\u00e9r\u00e9si m\u00f3dok kinetikus, r\u00f6gz\u00edtett idej\u0171, v\u00e9gpontos \u00e9s abszorbancia m\u00e9r\u00e9sekhez T\u00f6bb hull\u00e1mhossz (sz\u0171r\u0151 t\u00e1rcsa, hat behelyezett sz\u0171r\u0151vel) El\u0151re programozott HUMAN metodik\u00e1k<\/p>","protected":false},"author":3,"featured_media":0,"comment_status":"closed","ping_status":"open","sticky":false,"template":"","format":"standard","meta":{"footnotes":""},"categories":[8],"tags":[],"yoast_head":"<!-- This site is optimized with the Yoast SEO plugin v21.8 - https:\/\/yoast.com\/wordpress\/plugins\/seo\/ -->\n<title>HumaLyzer 3000 - Medi-lab Labordiagnosztika<\/title>\n<meta name=\"robots\" content=\"index, follow, max-snippet:-1, max-image-preview:large, max-video-preview:-1\" \/>\n<link rel=\"canonical\" href=\"https:\/\/medilab.mainpage.hu\/en\/humalyzer-3000\/\" \/>\n<meta property=\"og:locale\" content=\"en_US\" \/>\n<meta property=\"og:type\" content=\"article\" \/>\n<meta property=\"og:title\" content=\"HumaLyzer 3000 - Medi-lab Labordiagnosztika\" \/>\n<meta property=\"og:description\" content=\"F\u00e9lautomata, mikroprocesszor-vez\u00e9relt fotom\u00e9terKat. sz.:&nbsp;16700&nbsp;Fesz\u00fclts\u00e9g: 230\/110 VAC Sz\u00e1mos leolvas\u00e1si m\u00f3dra alkalmas, 6 hull\u00e1mhosszon \u00fczemeltethet\u0151, nagyteljes\u00edtm\u00e9ny\u0171 klinikai-k\u00e9miai f\u00e9lautomata. Reakci\u00f3kinetikai vizsg\u00e1latokra alkalmas. Reakci\u00f3g\u00f6rbe megtekint\u00e9s\u00e9nek lehet\u0151s\u00e9ge. \u00c1tfoly\u00f3 \u00e9s fix k\u00fcvett\u00e1val egyar\u00e1nt muk\u00f6dtethet\u0151. Nagy, grafikus LCD kijelz\u0151 Leletez\u00e9si lehet\u0151s\u00e9g p\u00e1ciensenk\u00e9nt\/mintak\u00e9nt 120 metodik\u00e1t, bele\u00e9rtve a kalibr\u00e1ci\u00f3s g\u00f6rb\u00e9ket is, t\u00e1rol\u00f3 mem\u00f3ria M\u00e9r\u00e9si m\u00f3dok kinetikus, r\u00f6gz\u00edtett idej\u0171, v\u00e9gpontos \u00e9s abszorbancia m\u00e9r\u00e9sekhez T\u00f6bb hull\u00e1mhossz (sz\u0171r\u0151 t\u00e1rcsa, hat behelyezett sz\u0171r\u0151vel) El\u0151re programozott HUMAN metodik\u00e1k\" \/>\n<meta property=\"og:url\" content=\"https:\/\/medilab.mainpage.hu\/en\/humalyzer-3000\/\" \/>\n<meta property=\"og:site_name\" content=\"Medi-lab Labordiagnosztika\" \/>\n<meta property=\"article:publisher\" content=\"https:\/\/www.facebook.com\/medilabhungary\" \/>\n<meta property=\"article:published_time\" content=\"2020-09-30T18:18:13+00:00\" \/>\n<meta property=\"article:modified_time\" content=\"2026-03-31T09:41:27+00:00\" \/>\n<meta property=\"og:image\" content=\"http:\/\/medilab.mainpage.hu\/wp-content\/uploads\/2020\/09\/Humalyzer3000_150dpi.png\" \/>\n<meta name=\"author\" content=\"Mariann\" \/>\n<meta name=\"twitter:card\" content=\"summary_large_image\" \/>\n<meta name=\"twitter:label1\" content=\"Written by\" \/>\n\t<meta name=\"twitter:data1\" content=\"Mariann\" \/>\n\t<meta name=\"twitter:label2\" content=\"Est. reading time\" \/>\n\t<meta name=\"twitter:data2\" content=\"1 minute\" \/>\n<script type=\"application\/ld+json\" class=\"yoast-schema-graph\">{\"@context\":\"https:\/\/schema.org\",\"@graph\":[{\"@type\":\"Article\",\"@id\":\"https:\/\/medilab.mainpage.hu\/humalyzer-3000\/#article\",\"isPartOf\":{\"@id\":\"https:\/\/medilab.mainpage.hu\/humalyzer-3000\/\"},\"author\":{\"name\":\"Mariann\",\"@id\":\"https:\/\/medilab.mainpage.hu\/#\/schema\/person\/6607230e393bb35a541264bf530d2632\"},\"headline\":\"HumaLyzer 3000\",\"datePublished\":\"2020-09-30T18:18:13+00:00\",\"dateModified\":\"2026-03-31T09:41:27+00:00\",\"mainEntityOfPage\":{\"@id\":\"https:\/\/medilab.mainpage.hu\/humalyzer-3000\/\"},\"wordCount\":121,\"publisher\":{\"@id\":\"https:\/\/medilab.mainpage.hu\/#organization\"},\"articleSection\":[\"Fotom\u00e9terek\"],\"inLanguage\":\"en-US\"},{\"@type\":\"WebPage\",\"@id\":\"https:\/\/medilab.mainpage.hu\/humalyzer-3000\/\",\"url\":\"https:\/\/medilab.mainpage.hu\/humalyzer-3000\/\",\"name\":\"HumaLyzer 3000 - Medi-lab Labordiagnosztika\",\"isPartOf\":{\"@id\":\"https:\/\/medilab.mainpage.hu\/#website\"},\"datePublished\":\"2020-09-30T18:18:13+00:00\",\"dateModified\":\"2026-03-31T09:41:27+00:00\",\"breadcrumb\":{\"@id\":\"https:\/\/medilab.mainpage.hu\/humalyzer-3000\/#breadcrumb\"},\"inLanguage\":\"en-US\",\"potentialAction\":[{\"@type\":\"ReadAction\",\"target\":[\"https:\/\/medilab.mainpage.hu\/humalyzer-3000\/\"]}]},{\"@type\":\"BreadcrumbList\",\"@id\":\"https:\/\/medilab.mainpage.hu\/humalyzer-3000\/#breadcrumb\",\"itemListElement\":[{\"@type\":\"ListItem\",\"position\":1,\"name\":\"Kezd\u0151lap\",\"item\":\"https:\/\/medilab.mainpage.hu\/\"},{\"@type\":\"ListItem\",\"position\":2,\"name\":\"HumaLyzer 3000\"}]},{\"@type\":\"WebSite\",\"@id\":\"https:\/\/medilab.mainpage.hu\/#website\",\"url\":\"https:\/\/medilab.mainpage.hu\/\",\"name\":\"Medi-lab Labordiagnosztika\",\"description\":\"Medi-lab Labordiagnosztika\",\"publisher\":{\"@id\":\"https:\/\/medilab.mainpage.hu\/#organization\"},\"potentialAction\":[{\"@type\":\"SearchAction\",\"target\":{\"@type\":\"EntryPoint\",\"urlTemplate\":\"https:\/\/medilab.mainpage.hu\/?s={search_term_string}\"},\"query-input\":\"required name=search_term_string\"}],\"inLanguage\":\"en-US\"},{\"@type\":\"Organization\",\"@id\":\"https:\/\/medilab.mainpage.hu\/#organization\",\"name\":\"MEDI-LAB Eg\u00e9szs\u00e9g\u00fcgyi Kereskedelmi \u00e9s Szolg\u00e1ltat\u00f3 Kft.\",\"url\":\"https:\/\/medilab.mainpage.hu\/\",\"logo\":{\"@type\":\"ImageObject\",\"inLanguage\":\"en-US\",\"@id\":\"https:\/\/medilab.mainpage.hu\/#\/schema\/logo\/image\/\",\"url\":\"https:\/\/medilab.mainpage.hu\/wp-content\/uploads\/2020\/10\/logo_Logo-full-on-light-e1602319701988.png\",\"contentUrl\":\"https:\/\/medilab.mainpage.hu\/wp-content\/uploads\/2020\/10\/logo_Logo-full-on-light-e1602319701988.png\",\"width\":364,\"height\":197,\"caption\":\"MEDI-LAB Eg\u00e9szs\u00e9g\u00fcgyi Kereskedelmi \u00e9s Szolg\u00e1ltat\u00f3 Kft.\"},\"image\":{\"@id\":\"https:\/\/medilab.mainpage.hu\/#\/schema\/logo\/image\/\"},\"sameAs\":[\"https:\/\/www.facebook.com\/medilabhungary\",\"https:\/\/linkedin.com\/company\/medi-lab-ltd\/\"]},{\"@type\":\"Person\",\"@id\":\"https:\/\/medilab.mainpage.hu\/#\/schema\/person\/6607230e393bb35a541264bf530d2632\",\"name\":\"Mariann\",\"image\":{\"@type\":\"ImageObject\",\"inLanguage\":\"en-US\",\"@id\":\"https:\/\/medilab.mainpage.hu\/#\/schema\/person\/image\/\",\"url\":\"https:\/\/secure.gravatar.com\/avatar\/29510ebde83357473c09ca2d29a2afdb?s=96&d=mm&r=g\",\"contentUrl\":\"https:\/\/secure.gravatar.com\/avatar\/29510ebde83357473c09ca2d29a2afdb?s=96&d=mm&r=g\",\"caption\":\"Mariann\"},\"url\":\"https:\/\/medilab.mainpage.hu\/en\/author\/mariann\/\"}]}<\/script>\n<!-- \/ Yoast SEO plugin. -->","yoast_head_json":{"title":"HumaLyzer 3000 - Medi-lab Labordiagnosztika","robots":{"index":"index","follow":"follow","max-snippet":"max-snippet:-1","max-image-preview":"max-image-preview:large","max-video-preview":"max-video-preview:-1"},"canonical":"https:\/\/medilab.mainpage.hu\/en\/humalyzer-3000\/","og_locale":"en_US","og_type":"article","og_title":"HumaLyzer 3000 - Medi-lab Labordiagnosztika","og_description":"F\u00e9lautomata, mikroprocesszor-vez\u00e9relt fotom\u00e9terKat. sz.:&nbsp;16700&nbsp;Fesz\u00fclts\u00e9g: 230\/110 VAC Sz\u00e1mos leolvas\u00e1si m\u00f3dra alkalmas, 6 hull\u00e1mhosszon \u00fczemeltethet\u0151, nagyteljes\u00edtm\u00e9ny\u0171 klinikai-k\u00e9miai f\u00e9lautomata. Reakci\u00f3kinetikai vizsg\u00e1latokra alkalmas. Reakci\u00f3g\u00f6rbe megtekint\u00e9s\u00e9nek lehet\u0151s\u00e9ge. \u00c1tfoly\u00f3 \u00e9s fix k\u00fcvett\u00e1val egyar\u00e1nt muk\u00f6dtethet\u0151. Nagy, grafikus LCD kijelz\u0151 Leletez\u00e9si lehet\u0151s\u00e9g p\u00e1ciensenk\u00e9nt\/mintak\u00e9nt 120 metodik\u00e1t, bele\u00e9rtve a kalibr\u00e1ci\u00f3s g\u00f6rb\u00e9ket is, t\u00e1rol\u00f3 mem\u00f3ria M\u00e9r\u00e9si m\u00f3dok kinetikus, r\u00f6gz\u00edtett idej\u0171, v\u00e9gpontos \u00e9s abszorbancia m\u00e9r\u00e9sekhez T\u00f6bb hull\u00e1mhossz (sz\u0171r\u0151 t\u00e1rcsa, hat behelyezett sz\u0171r\u0151vel) El\u0151re programozott HUMAN metodik\u00e1k","og_url":"https:\/\/medilab.mainpage.hu\/en\/humalyzer-3000\/","og_site_name":"Medi-lab Labordiagnosztika","article_publisher":"https:\/\/www.facebook.com\/medilabhungary","article_published_time":"2020-09-30T18:18:13+00:00","article_modified_time":"2026-03-31T09:41:27+00:00","og_image":[{"url":"http:\/\/medilab.mainpage.hu\/wp-content\/uploads\/2020\/09\/Humalyzer3000_150dpi.png"}],"author":"Mariann","twitter_card":"summary_large_image","twitter_misc":{"Written by":"Mariann","Est. reading time":"1 minute"},"schema":{"@context":"https:\/\/schema.org","@graph":[{"@type":"Article","@id":"https:\/\/medilab.mainpage.hu\/humalyzer-3000\/#article","isPartOf":{"@id":"https:\/\/medilab.mainpage.hu\/humalyzer-3000\/"},"author":{"name":"Mariann","@id":"https:\/\/medilab.mainpage.hu\/#\/schema\/person\/6607230e393bb35a541264bf530d2632"},"headline":"HumaLyzer 3000","datePublished":"2020-09-30T18:18:13+00:00","dateModified":"2026-03-31T09:41:27+00:00","mainEntityOfPage":{"@id":"https:\/\/medilab.mainpage.hu\/humalyzer-3000\/"},"wordCount":121,"publisher":{"@id":"https:\/\/medilab.mainpage.hu\/#organization"},"articleSection":["Fotom\u00e9terek"],"inLanguage":"en-US"},{"@type":"WebPage","@id":"https:\/\/medilab.mainpage.hu\/humalyzer-3000\/","url":"https:\/\/medilab.mainpage.hu\/humalyzer-3000\/","name":"HumaLyzer 3000 - Medi-lab Labordiagnosztika","isPartOf":{"@id":"https:\/\/medilab.mainpage.hu\/#website"},"datePublished":"2020-09-30T18:18:13+00:00","dateModified":"2026-03-31T09:41:27+00:00","breadcrumb":{"@id":"https:\/\/medilab.mainpage.hu\/humalyzer-3000\/#breadcrumb"},"inLanguage":"en-US","potentialAction":[{"@type":"ReadAction","target":["https:\/\/medilab.mainpage.hu\/humalyzer-3000\/"]}]},{"@type":"BreadcrumbList","@id":"https:\/\/medilab.mainpage.hu\/humalyzer-3000\/#breadcrumb","itemListElement":[{"@type":"ListItem","position":1,"name":"Kezd\u0151lap","item":"https:\/\/medilab.mainpage.hu\/"},{"@type":"ListItem","position":2,"name":"HumaLyzer 3000"}]},{"@type":"WebSite","@id":"https:\/\/medilab.mainpage.hu\/#website","url":"https:\/\/medilab.mainpage.hu\/","name":"Medi-lab Labordiagnosztika","description":"Medi-lab Labordiagnosztika","publisher":{"@id":"https:\/\/medilab.mainpage.hu\/#organization"},"potentialAction":[{"@type":"SearchAction","target":{"@type":"EntryPoint","urlTemplate":"https:\/\/medilab.mainpage.hu\/?s={search_term_string}"},"query-input":"required name=search_term_string"}],"inLanguage":"en-US"},{"@type":"Organization","@id":"https:\/\/medilab.mainpage.hu\/#organization","name":"MEDI-LAB Eg\u00e9szs\u00e9g\u00fcgyi Kereskedelmi \u00e9s Szolg\u00e1ltat\u00f3 Kft.","url":"https:\/\/medilab.mainpage.hu\/","logo":{"@type":"ImageObject","inLanguage":"en-US","@id":"https:\/\/medilab.mainpage.hu\/#\/schema\/logo\/image\/","url":"https:\/\/medilab.mainpage.hu\/wp-content\/uploads\/2020\/10\/logo_Logo-full-on-light-e1602319701988.png","contentUrl":"https:\/\/medilab.mainpage.hu\/wp-content\/uploads\/2020\/10\/logo_Logo-full-on-light-e1602319701988.png","width":364,"height":197,"caption":"MEDI-LAB Eg\u00e9szs\u00e9g\u00fcgyi Kereskedelmi \u00e9s Szolg\u00e1ltat\u00f3 Kft."},"image":{"@id":"https:\/\/medilab.mainpage.hu\/#\/schema\/logo\/image\/"},"sameAs":["https:\/\/www.facebook.com\/medilabhungary","https:\/\/linkedin.com\/company\/medi-lab-ltd\/"]},{"@type":"Person","@id":"https:\/\/medilab.mainpage.hu\/#\/schema\/person\/6607230e393bb35a541264bf530d2632","name":"Mariann","image":{"@type":"ImageObject","inLanguage":"en-US","@id":"https:\/\/medilab.mainpage.hu\/#\/schema\/person\/image\/","url":"https:\/\/secure.gravatar.com\/avatar\/29510ebde83357473c09ca2d29a2afdb?s=96&d=mm&r=g","contentUrl":"https:\/\/secure.gravatar.com\/avatar\/29510ebde83357473c09ca2d29a2afdb?s=96&d=mm&r=g","caption":"Mariann"},"url":"https:\/\/medilab.mainpage.hu\/en\/author\/mariann\/"}]}},"_links":{"self":[{"href":"https:\/\/medilab.mainpage.hu\/en\/wp-json\/wp\/v2\/posts\/218"}],"collection":[{"href":"https:\/\/medilab.mainpage.hu\/en\/wp-json\/wp\/v2\/posts"}],"about":[{"href":"https:\/\/medilab.mainpage.hu\/en\/wp-json\/wp\/v2\/types\/post"}],"author":[{"embeddable":true,"href":"https:\/\/medilab.mainpage.hu\/en\/wp-json\/wp\/v2\/users\/3"}],"replies":[{"embeddable":true,"href":"https:\/\/medilab.mainpage.hu\/en\/wp-json\/wp\/v2\/comments?post=218"}],"version-history":[{"count":0,"href":"https:\/\/medilab.mainpage.hu\/en\/wp-json\/wp\/v2\/posts\/218\/revisions"}],"wp:attachment":[{"href":"https:\/\/medilab.mainpage.hu\/en\/wp-json\/wp\/v2\/media?parent=218"}],"wp:term":[{"taxonomy":"category","embeddable":true,"href":"https:\/\/medilab.mainpage.hu\/en\/wp-json\/wp\/v2\/categories?post=218"},{"taxonomy":"post_tag","embeddable":true,"href":"https:\/\/medilab.mainpage.hu\/en\/wp-json\/wp\/v2\/tags?post=218"}],"curies":[{"name":"wp","href":"https:\/\/api.w.org\/{rel}","templated":true}]}}